{"id":50702,"date":"2024-09-04T09:22:02","date_gmt":"2024-09-04T08:22:02","guid":{"rendered":"https:\/\/doctenablog.wpenginepowered.com\/?p=50702"},"modified":"2026-03-09T14:08:03","modified_gmt":"2026-03-09T13:08:03","slug":"die-auswirkungen-von-schlafmangel-auf-die-psychische-gesundheit","status":"publish","type":"post","link":"https:\/\/www.doctena.blog\/de\/blog\/schlaf-mudigkeit\/die-auswirkungen-von-schlafmangel-auf-die-psychische-gesundheit\/","title":{"rendered":"Die Auswirkungen von Schlafmangel auf die psychische Gesundheit"},"content":{"rendered":"<p><div class=\"fusion-fullwidth fullwidth-box fusion-builder-row-1 fusion-flex-container nonhundred-percent-fullwidth non-hundred-percent-height-scrolling\" style=\"--awb-border-radius-top-left:0px;--awb-border-radius-top-right:0px;--awb-border-radius-bottom-right:0px;--awb-border-radius-bottom-left:0px;--awb-flex-wrap:wrap;\" ><div class=\"fusion-builder-row fusion-row fusion-flex-align-items-flex-start fusion-flex-content-wrap\" style=\"max-width:1248px;margin-left: calc(-4% \/ 2 );margin-right: calc(-4% \/ 2 );\"><div class=\"fusion-layout-column fusion_builder_column fusion-builder-column-0 fusion_builder_column_1_1 1_1 fusion-flex-column\" style=\"--awb-bg-blend:overlay;--awb-bg-size:cover;--awb-width-large:100%;--awb-margin-top-large:0px;--awb-spacing-right-large:1.92%;--awb-margin-bottom-large:0px;--awb-spacing-left-large:1.92%;--awb-width-medium:100%;--awb-spacing-right-medium:1.92%;--awb-spacing-left-medium:1.92%;--awb-width-small:100%;--awb-spacing-right-small:1.92%;--awb-spacing-left-small:1.92%;\"><div class=\"fusion-column-wrapper fusion-flex-justify-content-flex-start fusion-content-layout-column\"><div class=\"fusion-text fusion-text-1\" style=\"--awb-text-color:var(--awb-color4);\"><p><span style=\"font-weight: 400;\">Schlafmangel ist ein weit verbreitetes Problem, das die psychische Gesundheit erheblich beeintr\u00e4chtigt. In Europa, wo berufliche Anforderungen, Lebensstilentscheidungen und Stress zu unzureichendem Schlaf beitragen, ist das Verst\u00e4ndnis der Folgen von Schlafmangel entscheidend f\u00fcr das allgemeine Wohlbefinden.<\/span><\/p>\n<h3 class=\"fusion-responsive-typography-calculated\" style=\"--fontsize: 24; line-height: 1.2; --minfontsize: 24;\" data-fontsize=\"24\" data-lineheight=\"28.8px\"><b>Schlafmangel verstehen<\/b><\/h3>\n<p><span style=\"font-weight: 400;\">Schlafmangel tritt auf, wenn eine Person nicht genug Schlaf bekommt. Dies kann auf verschiedene Faktoren zur\u00fcckzuf\u00fchren sein, darunter Stress, schlechte Schlafgewohnheiten, gesundheitliche Probleme oder Lebensstilentscheidungen. Chronischer Schlafmangel kann zu ernsthaften gesundheitlichen Problemen f\u00fchren, sowohl physisch als auch psychisch.<\/span><\/p>\n<h3 class=\"fusion-responsive-typography-calculated\" style=\"--fontsize: 24; line-height: 1.2; --minfontsize: 24;\" data-fontsize=\"24\" data-lineheight=\"28.8px\"><b>Psychische Gesundheitsfolgen<\/b><\/h3>\n<ul>\n<li style=\"font-weight: 400;\" aria-level=\"1\"><b>Erh\u00f6hte Angst und Depression<\/b><span style=\"font-weight: 400;\">: Schlafmangel kann Angstzust\u00e4nde und Depressionen verschlimmern. Schlaf und Stimmung sind eng miteinander verbunden, und chronischer Schlafmangel kann zu Stimmungsschwankungen f\u00fchren.<\/span><\/li>\n<li style=\"font-weight: 400;\" aria-level=\"1\"><b>Kognitive Beeintr\u00e4chtigung<\/b><span style=\"font-weight: 400;\">: Schlaf ist essentiell f\u00fcr kognitive Funktionen wie Ged\u00e4chtnis, Aufmerksamkeit und Entscheidungsfindung. Schlafmangel beeintr\u00e4chtigt diese Funktionen und f\u00fchrt zu schlechter Leistung bei der Arbeit oder in der Schule.<\/span><\/li>\n<li style=\"font-weight: 400;\" aria-level=\"1\"><b>Emotionale Instabilit\u00e4t<\/b><span style=\"font-weight: 400;\">: Ohne ausreichenden Schlaf sind Menschen eher gereizt, erleben Stimmungsschwankungen und zeigen eine erh\u00f6hte emotionale Reaktivit\u00e4t.<\/span><\/li>\n<li style=\"font-weight: 400;\" aria-level=\"1\"><b>Erh\u00f6hter Stress<\/b><span style=\"font-weight: 400;\">: Chronischer Schlafmangel kann den Stresspegel erh\u00f6hen und einen Teufelskreis schaffen, in dem Stress die Schlafqualit\u00e4t weiter beeintr\u00e4chtigt.<\/span><\/li>\n<\/ul>\n<h3 class=\"fusion-responsive-typography-calculated\" style=\"--fontsize: 24; line-height: 1.2; --minfontsize: 24;\" data-fontsize=\"24\" data-lineheight=\"28.8px\"><b>Strategien zur Verbesserung des Schlafs<\/b><\/h3>\n<ul>\n<li style=\"font-weight: 400;\" aria-level=\"1\"><b>Einen Routineplan erstellen<\/b><span style=\"font-weight: 400;\">: Gehen Sie jeden Tag zur gleichen Zeit ins Bett und stehen Sie auf, auch an Wochenenden. Gewohnheiten helfen, die innere Uhr Ihres K\u00f6rpers zu regulieren.<\/span><\/li>\n<li style=\"font-weight: 400;\" aria-level=\"1\"><b>Eine schlaff\u00f6rdernde Umgebung schaffen<\/b><span style=\"font-weight: 400;\">: Stellen Sie sicher, dass Ihr Schlafzimmer dunkel, ruhig und k\u00fchl ist. Investieren Sie in eine bequeme Matratze und Kissen.<\/span><\/li>\n<li style=\"font-weight: 400;\" aria-level=\"1\"><b>Bildschirmzeit begrenzen<\/b><span style=\"font-weight: 400;\">: Vermeiden Sie Bildschirme mindestens eine Stunde vor dem Schlafengehen. Das blaue Licht von Handys, Tablets und Computern kann die Melatoninproduktion beeintr\u00e4chtigen, das Hormon, das den Schlaf reguliert.<\/span><\/li>\n<li style=\"font-weight: 400;\" aria-level=\"1\"><b>Entspannungstechniken<\/b><span style=\"font-weight: 400;\">: Integrieren Sie Entspannungstechniken wie Lesen, das H\u00f6ren beruhigender Musik oder ein warmes Bad vor dem Schlafengehen.<\/span><\/li>\n<li style=\"font-weight: 400;\" aria-level=\"1\"><b>Auf Ihre Ern\u00e4hrung achten<\/b><span style=\"font-weight: 400;\">: Vermeiden Sie gro\u00dfe Mahlzeiten, Koffein und Alkohol vor dem Schlafengehen. Diese k\u00f6nnen den Schlafrhythmus st\u00f6ren.<\/span><\/li>\n<\/ul>\n<h3 class=\"fusion-responsive-typography-calculated\" style=\"--fontsize: 24; line-height: 1.2; --minfontsize: 24;\" data-fontsize=\"24\" data-lineheight=\"28.8px\"><b>Professionelle Hilfe suchen<\/b><\/h3>\n<p><span style=\"font-weight: 400;\">Wenn Schlafprobleme anhalten, sollten Sie in Betracht ziehen, professionelle Hilfe in Anspruch zu nehmen. Schlafst\u00f6rungen wie Insomnie oder Schlafapnoe k\u00f6nnen eine medizinische Behandlung erfordern. Die <a href=\"https:\/\/esrs.eu\/\">Europ\u00e4ische Schlafgesellschaft <\/a>bietet Ressourcen und Informationen zu Schlafst\u00f6rungen und Behandlungen.<\/span><\/p>\n<h3 class=\"fusion-responsive-typography-calculated\" style=\"--fontsize: 24; line-height: 1.2; --minfontsize: 24;\" data-fontsize=\"24\" data-lineheight=\"28.8px\"><b>Gemeinschafts- und Online-Ressourcen<\/b><\/h3>\n<p><span style=\"font-weight: 400;\">Der Beitritt zu Schlafunterst\u00fctzungsgruppen und die Nutzung von Schlaf-Tracking-Apps k\u00f6nnen zus\u00e4tzliche Unterst\u00fctzung bieten. Websites wie <a href=\"https:\/\/esrs.eu\/sleep-congress\/\">Sleep Europe<\/a> bieten Tipps und Community-Foren f\u00fcr Menschen mit Schlafproblemen.<\/span><\/p>\n<h3 class=\"fusion-responsive-typography-calculated\" style=\"--fontsize: 24; line-height: 1.2; --minfontsize: 24;\" data-fontsize=\"24\" data-lineheight=\"28.8px\"><b>Fazit<\/b><\/h3>\n<p><span style=\"font-weight: 400;\">Schlafmangel ist ein erhebliches Gesundheitsproblem, das die psychische Gesundheit tiefgreifend beeinflusst. Durch die Annahme gesunder Schlafgewohnheiten und die Suche nach professioneller Hilfe, wenn n\u00f6tig, k\u00f6nnen Sie Ihre Schlafqualit\u00e4t und Ihr allgemeines Wohlbefinden verbessern. F\u00fcr weitere Informationen und Unterst\u00fctzung besuchen Sie das <a href=\"https:\/\/esrs.eu\/research-networks\/european-insomnia-network\/\">Europ\u00e4ische Insomnia-Netzwerk<\/a>.<\/span><\/p>\n<\/div><\/div><\/div><\/div><\/div><div class=\"fusion-fullwidth fullwidth-box fusion-builder-row-2 fusion-flex-container has-pattern-background has-mask-background nonhundred-percent-fullwidth non-hundred-percent-height-scrolling\" style=\"--awb-border-radius-top-left:0px;--awb-border-radius-top-right:0px;--awb-border-radius-bottom-right:0px;--awb-border-radius-bottom-left:0px;--awb-flex-wrap:wrap;\" ><div class=\"fusion-builder-row fusion-row fusion-flex-align-items-flex-start fusion-flex-content-wrap\" style=\"max-width:1248px;margin-left: calc(-4% \/ 2 );margin-right: calc(-4% \/ 2 );\"><div class=\"fusion-layout-column fusion_builder_column fusion-builder-column-1 fusion_builder_column_1_1 1_1 fusion-flex-column\" style=\"--awb-bg-size:cover;--awb-width-large:100%;--awb-margin-top-large:0px;--awb-spacing-right-large:1.92%;--awb-margin-bottom-large:20px;--awb-spacing-left-large:1.92%;--awb-width-medium:100%;--awb-order-medium:0;--awb-spacing-right-medium:1.92%;--awb-spacing-left-medium:1.92%;--awb-width-small:100%;--awb-order-small:0;--awb-spacing-right-small:1.92%;--awb-spacing-left-small:1.92%;\"><div class=\"fusion-column-wrapper fusion-column-has-shadow fusion-flex-justify-content-flex-start fusion-content-layout-column\"><\/div><\/div><\/div><\/div><\/p>\n","protected":false},"excerpt":{"rendered":"","protected":false},"author":6,"featured_media":50682,"comment_status":"closed","ping_status":"closed","sticky":false,"template":"","format":"standard","meta":{"footnotes":""},"categories":[1024],"tags":[],"class_list":["post-50702","post","type-post","status-publish","format-standard","has-post-thumbnail","hentry","category-schlaf-mudigkeit"],"yoast_head":"<!-- This site is optimized with the Yoast SEO Premium plugin v26.1 (Yoast SEO v27.5) - https:\/\/yoast.com\/product\/yoast-seo-premium-wordpress\/ -->\n<title>Die Auswirkungen von Schlafmangel auf die psychische Gesundheit - Doctena Patientenblog<\/title>\n<meta name=\"robots\" content=\"index, follow, max-snippet:-1, max-image-preview:large, max-video-preview:-1\" \/>\n<link rel=\"canonical\" href=\"https:\/\/www.doctena.blog\/de\/blog\/schlaf-mudigkeit\/die-auswirkungen-von-schlafmangel-auf-die-psychische-gesundheit\/\" \/>\n<meta property=\"og:locale\" content=\"de_DE\" \/>\n<meta property=\"og:type\" content=\"article\" \/>\n<meta property=\"og:title\" content=\"Die Auswirkungen von Schlafmangel auf die psychische Gesundheit\" \/>\n<meta property=\"og:url\" content=\"https:\/\/www.doctena.blog\/de\/blog\/schlaf-mudigkeit\/die-auswirkungen-von-schlafmangel-auf-die-psychische-gesundheit\/\" \/>\n<meta property=\"og:site_name\" content=\"Doctena Patientenblog\" \/>\n<meta property=\"article:published_time\" content=\"2024-09-04T08:22:02+00:00\" \/>\n<meta property=\"article:modified_time\" content=\"2026-03-09T13:08:03+00:00\" \/>\n<meta property=\"og:image\" content=\"https:\/\/www.doctena.blog\/wp-content\/uploads\/2024\/07\/The-Mental-Health-Impact-of-Losing-Sleep.png\" \/>\n\t<meta property=\"og:image:width\" content=\"1200\" \/>\n\t<meta property=\"og:image:height\" content=\"700\" \/>\n\t<meta property=\"og:image:type\" content=\"image\/png\" \/>\n<meta name=\"author\" content=\"Luisa\" \/>\n<meta name=\"twitter:card\" content=\"summary_large_image\" \/>\n<meta name=\"twitter:label1\" content=\"Verfasst von\" \/>\n\t<meta name=\"twitter:data1\" content=\"Luisa\" \/>\n\t<meta name=\"twitter:label2\" content=\"Gesch\u00e4tzte Lesezeit\" \/>\n\t<meta name=\"twitter:data2\" content=\"3 Minuten\" \/>\n<script type=\"application\/ld+json\" class=\"yoast-schema-graph\">{\"@context\":\"https:\\\/\\\/schema.org\",\"@graph\":[{\"@type\":\"Article\",\"@id\":\"https:\\\/\\\/www.doctena.blog\\\/de\\\/blog\\\/schlaf-mudigkeit\\\/die-auswirkungen-von-schlafmangel-auf-die-psychische-gesundheit\\\/#article\",\"isPartOf\":{\"@id\":\"https:\\\/\\\/www.doctena.blog\\\/de\\\/blog\\\/schlaf-mudigkeit\\\/die-auswirkungen-von-schlafmangel-auf-die-psychische-gesundheit\\\/\"},\"author\":{\"name\":\"Luisa\",\"@id\":\"https:\\\/\\\/www.doctena.blog\\\/de\\\/#\\\/schema\\\/person\\\/40a1b905cf376798e927f62f6dd0e0a3\"},\"headline\":\"Die Auswirkungen von Schlafmangel auf die psychische Gesundheit\",\"datePublished\":\"2024-09-04T08:22:02+00:00\",\"dateModified\":\"2026-03-09T13:08:03+00:00\",\"mainEntityOfPage\":{\"@id\":\"https:\\\/\\\/www.doctena.blog\\\/de\\\/blog\\\/schlaf-mudigkeit\\\/die-auswirkungen-von-schlafmangel-auf-die-psychische-gesundheit\\\/\"},\"wordCount\":1036,\"publisher\":{\"@id\":\"https:\\\/\\\/www.doctena.blog\\\/de\\\/#organization\"},\"image\":{\"@id\":\"https:\\\/\\\/www.doctena.blog\\\/de\\\/blog\\\/schlaf-mudigkeit\\\/die-auswirkungen-von-schlafmangel-auf-die-psychische-gesundheit\\\/#primaryimage\"},\"thumbnailUrl\":\"https:\\\/\\\/www.doctena.blog\\\/wp-content\\\/uploads\\\/2024\\\/07\\\/The-Mental-Health-Impact-of-Losing-Sleep.png\",\"articleSection\":[\"Schlaf &amp; M\u00fcdigkeit\"],\"inLanguage\":\"de-DE\"},{\"@type\":\"WebPage\",\"@id\":\"https:\\\/\\\/www.doctena.blog\\\/de\\\/blog\\\/schlaf-mudigkeit\\\/die-auswirkungen-von-schlafmangel-auf-die-psychische-gesundheit\\\/\",\"url\":\"https:\\\/\\\/www.doctena.blog\\\/de\\\/blog\\\/schlaf-mudigkeit\\\/die-auswirkungen-von-schlafmangel-auf-die-psychische-gesundheit\\\/\",\"name\":\"Die Auswirkungen von Schlafmangel auf die psychische Gesundheit - Doctena Patientenblog\",\"isPartOf\":{\"@id\":\"https:\\\/\\\/www.doctena.blog\\\/de\\\/#website\"},\"primaryImageOfPage\":{\"@id\":\"https:\\\/\\\/www.doctena.blog\\\/de\\\/blog\\\/schlaf-mudigkeit\\\/die-auswirkungen-von-schlafmangel-auf-die-psychische-gesundheit\\\/#primaryimage\"},\"image\":{\"@id\":\"https:\\\/\\\/www.doctena.blog\\\/de\\\/blog\\\/schlaf-mudigkeit\\\/die-auswirkungen-von-schlafmangel-auf-die-psychische-gesundheit\\\/#primaryimage\"},\"thumbnailUrl\":\"https:\\\/\\\/www.doctena.blog\\\/wp-content\\\/uploads\\\/2024\\\/07\\\/The-Mental-Health-Impact-of-Losing-Sleep.png\",\"datePublished\":\"2024-09-04T08:22:02+00:00\",\"dateModified\":\"2026-03-09T13:08:03+00:00\",\"breadcrumb\":{\"@id\":\"https:\\\/\\\/www.doctena.blog\\\/de\\\/blog\\\/schlaf-mudigkeit\\\/die-auswirkungen-von-schlafmangel-auf-die-psychische-gesundheit\\\/#breadcrumb\"},\"inLanguage\":\"de-DE\",\"potentialAction\":[{\"@type\":\"ReadAction\",\"target\":[\"https:\\\/\\\/www.doctena.blog\\\/de\\\/blog\\\/schlaf-mudigkeit\\\/die-auswirkungen-von-schlafmangel-auf-die-psychische-gesundheit\\\/\"]}]},{\"@type\":\"ImageObject\",\"inLanguage\":\"de-DE\",\"@id\":\"https:\\\/\\\/www.doctena.blog\\\/de\\\/blog\\\/schlaf-mudigkeit\\\/die-auswirkungen-von-schlafmangel-auf-die-psychische-gesundheit\\\/#primaryimage\",\"url\":\"https:\\\/\\\/www.doctena.blog\\\/wp-content\\\/uploads\\\/2024\\\/07\\\/The-Mental-Health-Impact-of-Losing-Sleep.png\",\"contentUrl\":\"https:\\\/\\\/www.doctena.blog\\\/wp-content\\\/uploads\\\/2024\\\/07\\\/The-Mental-Health-Impact-of-Losing-Sleep.png\",\"width\":1200,\"height\":700},{\"@type\":\"BreadcrumbList\",\"@id\":\"https:\\\/\\\/www.doctena.blog\\\/de\\\/blog\\\/schlaf-mudigkeit\\\/die-auswirkungen-von-schlafmangel-auf-die-psychische-gesundheit\\\/#breadcrumb\",\"itemListElement\":[{\"@type\":\"ListItem\",\"position\":1,\"name\":\"Home\",\"item\":\"https:\\\/\\\/www.doctena.blog\\\/de\\\/\"},{\"@type\":\"ListItem\",\"position\":2,\"name\":\"Die Auswirkungen von Schlafmangel auf die psychische Gesundheit\"}]},{\"@type\":\"WebSite\",\"@id\":\"https:\\\/\\\/www.doctena.blog\\\/de\\\/#website\",\"url\":\"https:\\\/\\\/www.doctena.blog\\\/de\\\/\",\"name\":\"Le Blog Doctena\",\"description\":\"Doctena\",\"publisher\":{\"@id\":\"https:\\\/\\\/www.doctena.blog\\\/de\\\/#organization\"},\"potentialAction\":[{\"@type\":\"SearchAction\",\"target\":{\"@type\":\"EntryPoint\",\"urlTemplate\":\"https:\\\/\\\/www.doctena.blog\\\/de\\\/?s={search_term_string}\"},\"query-input\":{\"@type\":\"PropertyValueSpecification\",\"valueRequired\":true,\"valueName\":\"search_term_string\"}}],\"inLanguage\":\"de-DE\"},{\"@type\":\"Organization\",\"@id\":\"https:\\\/\\\/www.doctena.blog\\\/de\\\/#organization\",\"name\":\"Doctena\",\"url\":\"https:\\\/\\\/www.doctena.blog\\\/de\\\/\",\"logo\":{\"@type\":\"ImageObject\",\"inLanguage\":\"de-DE\",\"@id\":\"https:\\\/\\\/www.doctena.blog\\\/de\\\/#\\\/schema\\\/logo\\\/image\\\/\",\"url\":\"https:\\\/\\\/www.doctena.blog\\\/wp-content\\\/uploads\\\/2023\\\/02\\\/logo.svg\",\"contentUrl\":\"https:\\\/\\\/www.doctena.blog\\\/wp-content\\\/uploads\\\/2023\\\/02\\\/logo.svg\",\"width\":94,\"height\":23,\"caption\":\"Doctena\"},\"image\":{\"@id\":\"https:\\\/\\\/www.doctena.blog\\\/de\\\/#\\\/schema\\\/logo\\\/image\\\/\"}},{\"@type\":\"Person\",\"@id\":\"https:\\\/\\\/www.doctena.blog\\\/de\\\/#\\\/schema\\\/person\\\/40a1b905cf376798e927f62f6dd0e0a3\",\"name\":\"Luisa\",\"image\":{\"@type\":\"ImageObject\",\"inLanguage\":\"de-DE\",\"@id\":\"https:\\\/\\\/secure.gravatar.com\\\/avatar\\\/a1e42d338096ddb1800317a825a034be4e64d589fbab3a561b6fb527cde4a8f7?s=96&d=mm&r=g\",\"url\":\"https:\\\/\\\/secure.gravatar.com\\\/avatar\\\/a1e42d338096ddb1800317a825a034be4e64d589fbab3a561b6fb527cde4a8f7?s=96&d=mm&r=g\",\"contentUrl\":\"https:\\\/\\\/secure.gravatar.com\\\/avatar\\\/a1e42d338096ddb1800317a825a034be4e64d589fbab3a561b6fb527cde4a8f7?s=96&d=mm&r=g\",\"caption\":\"Luisa\"},\"url\":\"https:\\\/\\\/www.doctena.blog\\\/de\\\/author\\\/luisa\\\/\"}]}<\/script>\n<!-- \/ Yoast SEO Premium plugin. -->","yoast_head_json":{"title":"Die Auswirkungen von Schlafmangel auf die psychische Gesundheit - Doctena Patientenblog","robots":{"index":"index","follow":"follow","max-snippet":"max-snippet:-1","max-image-preview":"max-image-preview:large","max-video-preview":"max-video-preview:-1"},"canonical":"https:\/\/www.doctena.blog\/de\/blog\/schlaf-mudigkeit\/die-auswirkungen-von-schlafmangel-auf-die-psychische-gesundheit\/","og_locale":"de_DE","og_type":"article","og_title":"Die Auswirkungen von Schlafmangel auf die psychische Gesundheit","og_url":"https:\/\/www.doctena.blog\/de\/blog\/schlaf-mudigkeit\/die-auswirkungen-von-schlafmangel-auf-die-psychische-gesundheit\/","og_site_name":"Doctena Patientenblog","article_published_time":"2024-09-04T08:22:02+00:00","article_modified_time":"2026-03-09T13:08:03+00:00","og_image":[{"width":1200,"height":700,"url":"https:\/\/www.doctena.blog\/wp-content\/uploads\/2024\/07\/The-Mental-Health-Impact-of-Losing-Sleep.png","type":"image\/png"}],"author":"Luisa","twitter_card":"summary_large_image","twitter_misc":{"Verfasst von":"Luisa","Gesch\u00e4tzte Lesezeit":"3 Minuten"},"schema":{"@context":"https:\/\/schema.org","@graph":[{"@type":"Article","@id":"https:\/\/www.doctena.blog\/de\/blog\/schlaf-mudigkeit\/die-auswirkungen-von-schlafmangel-auf-die-psychische-gesundheit\/#article","isPartOf":{"@id":"https:\/\/www.doctena.blog\/de\/blog\/schlaf-mudigkeit\/die-auswirkungen-von-schlafmangel-auf-die-psychische-gesundheit\/"},"author":{"name":"Luisa","@id":"https:\/\/www.doctena.blog\/de\/#\/schema\/person\/40a1b905cf376798e927f62f6dd0e0a3"},"headline":"Die Auswirkungen von Schlafmangel auf die psychische Gesundheit","datePublished":"2024-09-04T08:22:02+00:00","dateModified":"2026-03-09T13:08:03+00:00","mainEntityOfPage":{"@id":"https:\/\/www.doctena.blog\/de\/blog\/schlaf-mudigkeit\/die-auswirkungen-von-schlafmangel-auf-die-psychische-gesundheit\/"},"wordCount":1036,"publisher":{"@id":"https:\/\/www.doctena.blog\/de\/#organization"},"image":{"@id":"https:\/\/www.doctena.blog\/de\/blog\/schlaf-mudigkeit\/die-auswirkungen-von-schlafmangel-auf-die-psychische-gesundheit\/#primaryimage"},"thumbnailUrl":"https:\/\/www.doctena.blog\/wp-content\/uploads\/2024\/07\/The-Mental-Health-Impact-of-Losing-Sleep.png","articleSection":["Schlaf &amp; M\u00fcdigkeit"],"inLanguage":"de-DE"},{"@type":"WebPage","@id":"https:\/\/www.doctena.blog\/de\/blog\/schlaf-mudigkeit\/die-auswirkungen-von-schlafmangel-auf-die-psychische-gesundheit\/","url":"https:\/\/www.doctena.blog\/de\/blog\/schlaf-mudigkeit\/die-auswirkungen-von-schlafmangel-auf-die-psychische-gesundheit\/","name":"Die Auswirkungen von Schlafmangel auf die psychische Gesundheit - Doctena Patientenblog","isPartOf":{"@id":"https:\/\/www.doctena.blog\/de\/#website"},"primaryImageOfPage":{"@id":"https:\/\/www.doctena.blog\/de\/blog\/schlaf-mudigkeit\/die-auswirkungen-von-schlafmangel-auf-die-psychische-gesundheit\/#primaryimage"},"image":{"@id":"https:\/\/www.doctena.blog\/de\/blog\/schlaf-mudigkeit\/die-auswirkungen-von-schlafmangel-auf-die-psychische-gesundheit\/#primaryimage"},"thumbnailUrl":"https:\/\/www.doctena.blog\/wp-content\/uploads\/2024\/07\/The-Mental-Health-Impact-of-Losing-Sleep.png","datePublished":"2024-09-04T08:22:02+00:00","dateModified":"2026-03-09T13:08:03+00:00","breadcrumb":{"@id":"https:\/\/www.doctena.blog\/de\/blog\/schlaf-mudigkeit\/die-auswirkungen-von-schlafmangel-auf-die-psychische-gesundheit\/#breadcrumb"},"inLanguage":"de-DE","potentialAction":[{"@type":"ReadAction","target":["https:\/\/www.doctena.blog\/de\/blog\/schlaf-mudigkeit\/die-auswirkungen-von-schlafmangel-auf-die-psychische-gesundheit\/"]}]},{"@type":"ImageObject","inLanguage":"de-DE","@id":"https:\/\/www.doctena.blog\/de\/blog\/schlaf-mudigkeit\/die-auswirkungen-von-schlafmangel-auf-die-psychische-gesundheit\/#primaryimage","url":"https:\/\/www.doctena.blog\/wp-content\/uploads\/2024\/07\/The-Mental-Health-Impact-of-Losing-Sleep.png","contentUrl":"https:\/\/www.doctena.blog\/wp-content\/uploads\/2024\/07\/The-Mental-Health-Impact-of-Losing-Sleep.png","width":1200,"height":700},{"@type":"BreadcrumbList","@id":"https:\/\/www.doctena.blog\/de\/blog\/schlaf-mudigkeit\/die-auswirkungen-von-schlafmangel-auf-die-psychische-gesundheit\/#breadcrumb","itemListElement":[{"@type":"ListItem","position":1,"name":"Home","item":"https:\/\/www.doctena.blog\/de\/"},{"@type":"ListItem","position":2,"name":"Die Auswirkungen von Schlafmangel auf die psychische Gesundheit"}]},{"@type":"WebSite","@id":"https:\/\/www.doctena.blog\/de\/#website","url":"https:\/\/www.doctena.blog\/de\/","name":"Le Blog Doctena","description":"Doctena","publisher":{"@id":"https:\/\/www.doctena.blog\/de\/#organization"},"potentialAction":[{"@type":"SearchAction","target":{"@type":"EntryPoint","urlTemplate":"https:\/\/www.doctena.blog\/de\/?s={search_term_string}"},"query-input":{"@type":"PropertyValueSpecification","valueRequired":true,"valueName":"search_term_string"}}],"inLanguage":"de-DE"},{"@type":"Organization","@id":"https:\/\/www.doctena.blog\/de\/#organization","name":"Doctena","url":"https:\/\/www.doctena.blog\/de\/","logo":{"@type":"ImageObject","inLanguage":"de-DE","@id":"https:\/\/www.doctena.blog\/de\/#\/schema\/logo\/image\/","url":"https:\/\/www.doctena.blog\/wp-content\/uploads\/2023\/02\/logo.svg","contentUrl":"https:\/\/www.doctena.blog\/wp-content\/uploads\/2023\/02\/logo.svg","width":94,"height":23,"caption":"Doctena"},"image":{"@id":"https:\/\/www.doctena.blog\/de\/#\/schema\/logo\/image\/"}},{"@type":"Person","@id":"https:\/\/www.doctena.blog\/de\/#\/schema\/person\/40a1b905cf376798e927f62f6dd0e0a3","name":"Luisa","image":{"@type":"ImageObject","inLanguage":"de-DE","@id":"https:\/\/secure.gravatar.com\/avatar\/a1e42d338096ddb1800317a825a034be4e64d589fbab3a561b6fb527cde4a8f7?s=96&d=mm&r=g","url":"https:\/\/secure.gravatar.com\/avatar\/a1e42d338096ddb1800317a825a034be4e64d589fbab3a561b6fb527cde4a8f7?s=96&d=mm&r=g","contentUrl":"https:\/\/secure.gravatar.com\/avatar\/a1e42d338096ddb1800317a825a034be4e64d589fbab3a561b6fb527cde4a8f7?s=96&d=mm&r=g","caption":"Luisa"},"url":"https:\/\/www.doctena.blog\/de\/author\/luisa\/"}]}},"_links":{"self":[{"href":"https:\/\/www.doctena.blog\/de\/wp-json\/wp\/v2\/posts\/50702","targetHints":{"allow":["GET"]}}],"collection":[{"href":"https:\/\/www.doctena.blog\/de\/wp-json\/wp\/v2\/posts"}],"about":[{"href":"https:\/\/www.doctena.blog\/de\/wp-json\/wp\/v2\/types\/post"}],"author":[{"embeddable":true,"href":"https:\/\/www.doctena.blog\/de\/wp-json\/wp\/v2\/users\/6"}],"replies":[{"embeddable":true,"href":"https:\/\/www.doctena.blog\/de\/wp-json\/wp\/v2\/comments?post=50702"}],"version-history":[{"count":0,"href":"https:\/\/www.doctena.blog\/de\/wp-json\/wp\/v2\/posts\/50702\/revisions"}],"wp:featuredmedia":[{"embeddable":true,"href":"https:\/\/www.doctena.blog\/de\/wp-json\/wp\/v2\/media\/50682"}],"wp:attachment":[{"href":"https:\/\/www.doctena.blog\/de\/wp-json\/wp\/v2\/media?parent=50702"}],"wp:term":[{"taxonomy":"category","embeddable":true,"href":"https:\/\/www.doctena.blog\/de\/wp-json\/wp\/v2\/categories?post=50702"},{"taxonomy":"post_tag","embeddable":true,"href":"https:\/\/www.doctena.blog\/de\/wp-json\/wp\/v2\/tags?post=50702"}],"curies":[{"name":"wp","href":"https:\/\/api.w.org\/{rel}","templated":true}]}}